{"id":2601,"date":"2025-07-12T20:32:06","date_gmt":"2025-07-12T18:32:06","guid":{"rendered":"https:\/\/www.fotolibera.com\/mif\/?p=2601"},"modified":"2025-09-01T21:23:13","modified_gmt":"2025-09-01T19:23:13","slug":"maurizio-galimberti-lectio-magistralis","status":"publish","type":"post","link":"https:\/\/www.fotolibera.com\/mif\/2025\/07\/12\/maurizio-galimberti-lectio-magistralis\/","title":{"rendered":"Maurizio Galimberti Lectio Magistralis"},"content":{"rendered":"\t\t<div data-elementor-type=\"wp-post\" data-elementor-id=\"2601\" class=\"elementor elementor-2601\" data-elementor-post-type=\"post\">\n\t\t\t\t\t\t<section class=\"elementor-section elementor-top-section elementor-element elementor-element-a6ca1ac elementor-section-full_width elementor-section-height-default elementor-section-height-default parallax_section_no qode_elementor_container_no\" data-id=\"a6ca1ac\" data-element_type=\"section\">\n\t\t\t\t\t\t<div class=\"elementor-container elementor-column-gap-no\">\n\t\t\t\t\t<div class=\"elementor-column elementor-col-100 elementor-top-column elementor-element elementor-element-c2d85fa\" data-id=\"c2d85fa\" data-element_type=\"column\">\n\t\t\t<div class=\"elementor-widget-wrap elementor-element-populated\">\n\t\t\t\t\t\t<div class=\"elementor-element elementor-element-ee913dd elementor-widget elementor-widget-spacer\" data-id=\"ee913dd\" data-element_type=\"widget\" data-widget_type=\"spacer.default\">\n\t\t\t\t<div class=\"elementor-widget-container\">\n\t\t\t\t\t\t\t<div class=\"elementor-spacer\">\n\t\t\t<div class=\"elementor-spacer-inner\"><\/div>\n\t\t<\/div>\n\t\t\t\t\t\t<\/div>\n\t\t\t\t<\/div>\n\t\t\t\t<div class=\"elementor-element elementor-element-5a27b0d elementor-widget elementor-widget-text-editor\" data-id=\"5a27b0d\" data-element_type=\"widget\" data-widget_type=\"text-editor.default\">\n\t\t\t\t<div class=\"elementor-widget-container\">\n\t\t\t\t\t\t\t\t\t<h3 style=\"text-align: center;\">Mostre<\/h3>\t\t\t\t\t\t\t\t<\/div>\n\t\t\t\t<\/div>\n\t\t\t\t<section class=\"elementor-section elementor-inner-section elementor-element elementor-element-4e9fac0 elementor-section-boxed elementor-section-height-default elementor-section-height-default parallax_section_no qode_elementor_container_no\" data-id=\"4e9fac0\" data-element_type=\"section\">\n\t\t\t\t\t\t<div class=\"elementor-container elementor-column-gap-default\">\n\t\t\t\t\t<div class=\"elementor-column elementor-col-100 elementor-inner-column elementor-element elementor-element-2ad7ae4\" data-id=\"2ad7ae4\" data-element_type=\"column\">\n\t\t\t<div class=\"elementor-widget-wrap elementor-element-populated\">\n\t\t\t\t\t\t<div class=\"elementor-element elementor-element-fe0a10c elementor-widget elementor-widget-image\" data-id=\"fe0a10c\" data-element_type=\"widget\" data-widget_type=\"image.default\">\n\t\t\t\t<div class=\"elementor-widget-container\">\n\t\t\t\t\t\t\t\t\t\t\t\t\t\t\t<img fetchpriority=\"high\" decoding=\"async\" width=\"683\" height=\"1024\" src=\"https:\/\/www.fotolibera.com\/mif\/wp-content\/uploads\/2025\/07\/MAURIZIO-GALIMBERTI55555-RITRATTI59296_resize-683x1024.jpg\" class=\"attachment-large size-large wp-image-2602\" alt=\"\" srcset=\"https:\/\/www.fotolibera.com\/mif\/wp-content\/uploads\/2025\/07\/MAURIZIO-GALIMBERTI55555-RITRATTI59296_resize.jpg 683w, https:\/\/www.fotolibera.com\/mif\/wp-content\/uploads\/2025\/07\/MAURIZIO-GALIMBERTI55555-RITRATTI59296_resize-200x300.jpg 200w, https:\/\/www.fotolibera.com\/mif\/wp-content\/uploads\/2025\/07\/MAURIZIO-GALIMBERTI55555-RITRATTI59296_resize-768x1152.jpg 768w, https:\/\/www.fotolibera.com\/mif\/wp-content\/uploads\/2025\/07\/MAURIZIO-GALIMBERTI55555-RITRATTI59296_resize-1024x1536.jpg 1024w, https:\/\/www.fotolibera.com\/mif\/wp-content\/uploads\/2025\/07\/MAURIZIO-GALIMBERTI55555-RITRATTI59296_resize-700x1050.jpg 700w\" sizes=\"(max-width: 683px) 100vw, 683px\" \/>\t\t\t\t\t\t\t\t\t\t\t\t\t\t\t<\/div>\n\t\t\t\t<\/div>\n\t\t\t\t\t<\/div>\n\t\t<\/div>\n\t\t\t\t\t<\/div>\n\t\t<\/section>\n\t\t\t\t<div class=\"elementor-element elementor-element-b204830 elementor-widget-divider--view-line elementor-widget elementor-widget-divider\" data-id=\"b204830\" data-element_type=\"widget\" data-widget_type=\"divider.default\">\n\t\t\t\t<div class=\"elementor-widget-container\">\n\t\t\t\t\t\t\t<div class=\"elementor-divider\">\n\t\t\t<span class=\"elementor-divider-separator\">\n\t\t\t\t\t\t<\/span>\n\t\t<\/div>\n\t\t\t\t\t\t<\/div>\n\t\t\t\t<\/div>\n\t\t\t\t<section class=\"elementor-section elementor-inner-section elementor-element elementor-element-1892536 elementor-section-boxed elementor-section-height-default elementor-section-height-default parallax_section_no qode_elementor_container_no\" data-id=\"1892536\" data-element_type=\"section\">\n\t\t\t\t\t\t<div class=\"elementor-container elementor-column-gap-default\">\n\t\t\t\t\t<div class=\"elementor-column elementor-col-66 elementor-inner-column elementor-element elementor-element-7145493\" data-id=\"7145493\" data-element_type=\"column\">\n\t\t\t<div class=\"elementor-widget-wrap elementor-element-populated\">\n\t\t\t\t\t\t<div class=\"elementor-element elementor-element-1610858 elementor-widget elementor-widget-heading\" data-id=\"1610858\" data-element_type=\"widget\" data-widget_type=\"heading.default\">\n\t\t\t\t<div class=\"elementor-widget-container\">\n\t\t\t\t\t<h2 class=\"elementor-heading-title elementor-size-default\">Maurizio Galimberti,  Lectio Magistralis<\/h2>\t\t\t\t<\/div>\n\t\t\t\t<\/div>\n\t\t\t\t<div class=\"elementor-element elementor-element-8d13571 elementor-widget elementor-widget-text-editor\" data-id=\"8d13571\" data-element_type=\"widget\" data-widget_type=\"text-editor.default\">\n\t\t\t\t<div class=\"elementor-widget-container\">\n\t\t\t\t\t\t\t\t\t<p><span style=\"color: #ff0000;\">Auditorium Comunale Giusi Spezzaferri<\/span><\/p>\t\t\t\t\t\t\t\t<\/div>\n\t\t\t\t<\/div>\n\t\t\t\t<div class=\"elementor-element elementor-element-8dd7f5b elementor-widget elementor-widget-heading\" data-id=\"8dd7f5b\" data-element_type=\"widget\" data-widget_type=\"heading.default\">\n\t\t\t\t<div class=\"elementor-widget-container\">\n\t\t\t\t\t<h6 class=\"elementor-heading-title elementor-size-default\">Sabato 25 Ottobre ore 16<\/h6>\t\t\t\t<\/div>\n\t\t\t\t<\/div>\n\t\t\t\t<div class=\"elementor-element elementor-element-6dd9c37 elementor-widget elementor-widget-heading\" data-id=\"6dd9c37\" data-element_type=\"widget\" data-widget_type=\"heading.default\">\n\t\t\t\t<div class=\"elementor-widget-container\">\n\t\t\t\t\t<h6 class=\"elementor-heading-title elementor-size-default\">Una Lectio Magistralis di Maurizio Galimberti<\/h6>\t\t\t\t<\/div>\n\t\t\t\t<\/div>\n\t\t\t\t<div class=\"elementor-element elementor-element-f995f33 elementor-widget elementor-widget-text-editor\" data-id=\"f995f33\" data-element_type=\"widget\" data-widget_type=\"text-editor.default\">\n\t\t\t\t<div class=\"elementor-widget-container\">\n\t\t\t\t\t\t\t\t\t<p>La lectio si svolger\u00e0 con Maurizio che far\u00e0 un racconto della sua carriera da fotografo, illustrando i suoi pi\u00f9 celebri lavori, dai primi sino a quelli pi\u00f9 recenti, raccontando parte della sua ricerca e delle sue tecniche.<\/p>\t\t\t\t\t\t\t\t<\/div>\n\t\t\t\t<\/div>\n\t\t\t\t<div class=\"elementor-element elementor-element-9f59f88 elementor-widget-divider--view-line elementor-widget elementor-widget-divider\" data-id=\"9f59f88\" data-element_type=\"widget\" data-widget_type=\"divider.default\">\n\t\t\t\t<div class=\"elementor-widget-container\">\n\t\t\t\t\t\t\t<div class=\"elementor-divider\">\n\t\t\t<span class=\"elementor-divider-separator\">\n\t\t\t\t\t\t<\/span>\n\t\t<\/div>\n\t\t\t\t\t\t<\/div>\n\t\t\t\t<\/div>\n\t\t\t\t<div class=\"elementor-element elementor-element-2b9f8f0 elementor-widget elementor-widget-author-box\" data-id=\"2b9f8f0\" data-element_type=\"widget\" data-widget_type=\"author-box.default\">\n\t\t\t\t<div class=\"elementor-widget-container\">\n\t\t\t\t\t\t\t<div class=\"elementor-author-box\">\n\t\t\t\t\t\t\t<div  class=\"elementor-author-box__avatar\">\n\t\t\t\t\t<img decoding=\"async\" data-src=\"https:\/\/www.fotolibera.com\/mif\/wp-content\/uploads\/2025\/07\/MAURIZIO-GALIMBERTI55555-RITRATTI59296_resize-200x300.jpg\" alt=\"Immagine di Maurizio Galimberti\" src=\"data:image\/svg+xml;base64,PHN2ZyB3aWR0aD0iMSIgaGVpZ2h0PSIxIiB4bWxucz0iaHR0cDovL3d3dy53My5vcmcvMjAwMC9zdmciPjwvc3ZnPg==\" class=\"lazyload\" style=\"--smush-placeholder-width: 200px; --smush-placeholder-aspect-ratio: 200\/300;\">\n\t\t\t\t<\/div>\n\t\t\t\n\t\t\t<div class=\"elementor-author-box__text\">\n\t\t\t\t\t\t\t\t\t<div >\n\t\t\t\t\t\t<h4 class=\"elementor-author-box__name\">\n\t\t\t\t\t\t\tMaurizio Galimberti\t\t\t\t\t\t<\/h4>\n\t\t\t\t\t<\/div>\n\t\t\t\t\n\t\t\t\t\n\t\t\t\t\t\t\t<\/div>\n\t\t<\/div>\n\t\t\t\t\t\t<\/div>\n\t\t\t\t<\/div>\n\t\t\t\t<div class=\"elementor-element elementor-element-128e466 elementor-widget__width-initial elementor-widget elementor-widget-text-editor\" data-id=\"128e466\" data-element_type=\"widget\" data-widget_type=\"text-editor.default\">\n\t\t\t\t<div class=\"elementor-widget-container\">\n\t\t\t\t\t\t\t\t\t<p>Cresce a Meda, iniziando a lavorare nell&#8217;impresa di famiglia come geometra.<br \/>Gi\u00e0 da ragazzo si appassiona alla fotografia partecipando a concorsi fotografici utilizzando le classiche pellicole bianco e nero. Esordisce utilizzando una fotocamera<br \/>WideluxHYPERLINK<br \/><span style=\"color: #0000ff;\"><a style=\"color: #0000ff;\" href=\"https:\/\/it.wikipedia.org\/wiki\/Maurizio_Galimberti#cite_note-1\">&#8220;https:\/\/it.wikipedia.org\/wiki\/Maurizio_Galimberti#cite_note-1&#8221; [1]<\/a><\/span><br \/>per una ricerca on the road.<\/p>\t\t\t\t\t\t\t\t<\/div>\n\t\t\t\t<\/div>\n\t\t\t\t<div class=\"elementor-element elementor-element-a77b0ca elementor-widget-divider--view-line elementor-widget elementor-widget-divider\" data-id=\"a77b0ca\" data-element_type=\"widget\" data-widget_type=\"divider.default\">\n\t\t\t\t<div class=\"elementor-widget-container\">\n\t\t\t\t\t\t\t<div class=\"elementor-divider\">\n\t\t\t<span class=\"elementor-divider-separator\">\n\t\t\t\t\t\t<\/span>\n\t\t<\/div>\n\t\t\t\t\t\t<\/div>\n\t\t\t\t<\/div>\n\t\t\t\t<div class=\"elementor-element elementor-element-fb29068 elementor-widget elementor-widget-gallery\" data-id=\"fb29068\" data-element_type=\"widget\" data-settings=\"{&quot;columns&quot;:5,&quot;lazyload&quot;:&quot;yes&quot;,&quot;gallery_layout&quot;:&quot;grid&quot;,&quot;columns_tablet&quot;:2,&quot;columns_mobile&quot;:1,&quot;gap&quot;:{&quot;unit&quot;:&quot;px&quot;,&quot;size&quot;:10,&quot;sizes&quot;:[]},&quot;gap_tablet&quot;:{&quot;unit&quot;:&quot;px&quot;,&quot;size&quot;:10,&quot;sizes&quot;:[]},&quot;gap_mobile&quot;:{&quot;unit&quot;:&quot;px&quot;,&quot;size&quot;:10,&quot;sizes&quot;:[]},&quot;link_to&quot;:&quot;file&quot;,&quot;aspect_ratio&quot;:&quot;3:2&quot;,&quot;overlay_background&quot;:&quot;yes&quot;,&quot;content_hover_animation&quot;:&quot;fade-in&quot;}\" data-widget_type=\"gallery.default\">\n\t\t\t\t<div class=\"elementor-widget-container\">\n\t\t\t\t\t\t\t<div class=\"elementor-gallery__container\">\n\t\t\t\t\t\t\t<a class=\"e-gallery-item elementor-gallery-item elementor-animated-content\" href=\"https:\/\/www.fotolibera.com\/mif\/wp-content\/uploads\/2025\/07\/04-catherine-zeta-jones.jpg\" data-elementor-open-lightbox=\"yes\" data-elementor-lightbox-slideshow=\"fb29068\" data-elementor-lightbox-title=\"attrice\" data-e-action-hash=\"#elementor-action%3Aaction%3Dlightbox%26settings%3DeyJpZCI6MjYwNSwidXJsIjoiaHR0cHM6XC9cL3d3dy5mb3RvbGliZXJhLmNvbVwvbWlmXC93cC1jb250ZW50XC91cGxvYWRzXC8yMDI1XC8wN1wvMDQtY2F0aGVyaW5lLXpldGEtam9uZXMuanBnIiwic2xpZGVzaG93IjoiZmIyOTA2OCJ9\">\n\t\t\t\t\t<div class=\"e-gallery-image elementor-gallery-item__image\" data-thumbnail=\"https:\/\/www.fotolibera.com\/mif\/wp-content\/uploads\/2025\/07\/04-catherine-zeta-jones-570x570.jpg\" data-width=\"570\" data-height=\"570\" aria-label=\"\" role=\"img\" ><\/div>\n\t\t\t\t\t\t\t\t\t\t\t<div class=\"elementor-gallery-item__overlay\"><\/div>\n\t\t\t\t\t\t\t\t\t\t\t\t\t\t<\/a>\n\t\t\t\t\t\t\t<a class=\"e-gallery-item elementor-gallery-item elementor-animated-content\" href=\"https:\/\/www.fotolibera.com\/mif\/wp-content\/uploads\/2025\/07\/05-clooney-george-1-1_2.jpg\" data-elementor-open-lightbox=\"yes\" data-elementor-lightbox-slideshow=\"fb29068\" data-elementor-lightbox-title=\"05- clooney george 1-1_2\" data-e-action-hash=\"#elementor-action%3Aaction%3Dlightbox%26settings%3DeyJpZCI6MjYwNiwidXJsIjoiaHR0cHM6XC9cL3d3dy5mb3RvbGliZXJhLmNvbVwvbWlmXC93cC1jb250ZW50XC91cGxvYWRzXC8yMDI1XC8wN1wvMDUtY2xvb25leS1nZW9yZ2UtMS0xXzIuanBnIiwic2xpZGVzaG93IjoiZmIyOTA2OCJ9\">\n\t\t\t\t\t<div class=\"e-gallery-image elementor-gallery-item__image\" data-thumbnail=\"https:\/\/www.fotolibera.com\/mif\/wp-content\/uploads\/2025\/07\/05-clooney-george-1-1_2-570x570.jpg\" data-width=\"570\" data-height=\"570\" aria-label=\"\" role=\"img\" ><\/div>\n\t\t\t\t\t\t\t\t\t\t\t<div class=\"elementor-gallery-item__overlay\"><\/div>\n\t\t\t\t\t\t\t\t\t\t\t\t\t\t<\/a>\n\t\t\t\t\t\t\t<a class=\"e-gallery-item elementor-gallery-item elementor-animated-content\" href=\"https:\/\/www.fotolibera.com\/mif\/wp-content\/uploads\/2025\/07\/06-benicio-del-toro.jpg\" data-elementor-open-lightbox=\"yes\" data-elementor-lightbox-slideshow=\"fb29068\" data-elementor-lightbox-title=\"attore\" data-e-action-hash=\"#elementor-action%3Aaction%3Dlightbox%26settings%3DeyJpZCI6MjYwNywidXJsIjoiaHR0cHM6XC9cL3d3dy5mb3RvbGliZXJhLmNvbVwvbWlmXC93cC1jb250ZW50XC91cGxvYWRzXC8yMDI1XC8wN1wvMDYtYmVuaWNpby1kZWwtdG9yby5qcGciLCJzbGlkZXNob3ciOiJmYjI5MDY4In0%3D\">\n\t\t\t\t\t<div class=\"e-gallery-image elementor-gallery-item__image\" data-thumbnail=\"https:\/\/www.fotolibera.com\/mif\/wp-content\/uploads\/2025\/07\/06-benicio-del-toro-570x570.jpg\" data-width=\"570\" data-height=\"570\" aria-label=\"\" role=\"img\" ><\/div>\n\t\t\t\t\t\t\t\t\t\t\t<div class=\"elementor-gallery-item__overlay\"><\/div>\n\t\t\t\t\t\t\t\t\t\t\t\t\t\t<\/a>\n\t\t\t\t\t\t\t<a class=\"e-gallery-item elementor-gallery-item elementor-animated-content\" href=\"https:\/\/www.fotolibera.com\/mif\/wp-content\/uploads\/2025\/07\/07-DEPP-JOHNNY1-1.jpg\" data-elementor-open-lightbox=\"yes\" data-elementor-lightbox-slideshow=\"fb29068\" data-elementor-lightbox-title=\"07-DEPP JOHNNY1-1\" data-e-action-hash=\"#elementor-action%3Aaction%3Dlightbox%26settings%3DeyJpZCI6MjYwOCwidXJsIjoiaHR0cHM6XC9cL3d3dy5mb3RvbGliZXJhLmNvbVwvbWlmXC93cC1jb250ZW50XC91cGxvYWRzXC8yMDI1XC8wN1wvMDctREVQUC1KT0hOTlkxLTEuanBnIiwic2xpZGVzaG93IjoiZmIyOTA2OCJ9\">\n\t\t\t\t\t<div class=\"e-gallery-image elementor-gallery-item__image\" data-thumbnail=\"https:\/\/www.fotolibera.com\/mif\/wp-content\/uploads\/2025\/07\/07-DEPP-JOHNNY1-1-570x570.jpg\" data-width=\"570\" data-height=\"570\" aria-label=\"\" role=\"img\" ><\/div>\n\t\t\t\t\t\t\t\t\t\t\t<div class=\"elementor-gallery-item__overlay\"><\/div>\n\t\t\t\t\t\t\t\t\t\t\t\t\t\t<\/a>\n\t\t\t\t\t\t\t<a class=\"e-gallery-item elementor-gallery-item elementor-animated-content\" href=\"https:\/\/www.fotolibera.com\/mif\/wp-content\/uploads\/2025\/07\/11-LadyGaga-LV20100109_2-mr.jpg\" data-elementor-open-lightbox=\"yes\" data-elementor-lightbox-slideshow=\"fb29068\" data-elementor-lightbox-title=\"11-LadyGaga-LV20100109_2-mr\" data-e-action-hash=\"#elementor-action%3Aaction%3Dlightbox%26settings%3DeyJpZCI6MjYwOSwidXJsIjoiaHR0cHM6XC9cL3d3dy5mb3RvbGliZXJhLmNvbVwvbWlmXC93cC1jb250ZW50XC91cGxvYWRzXC8yMDI1XC8wN1wvMTEtTGFkeUdhZ2EtTFYyMDEwMDEwOV8yLW1yLmpwZyIsInNsaWRlc2hvdyI6ImZiMjkwNjgifQ%3D%3D\">\n\t\t\t\t\t<div class=\"e-gallery-image elementor-gallery-item__image\" data-thumbnail=\"https:\/\/www.fotolibera.com\/mif\/wp-content\/uploads\/2025\/07\/11-LadyGaga-LV20100109_2-mr-570x570.jpg\" data-width=\"570\" data-height=\"570\" aria-label=\"\" role=\"img\" ><\/div>\n\t\t\t\t\t\t\t\t\t\t\t<div class=\"elementor-gallery-item__overlay\"><\/div>\n\t\t\t\t\t\t\t\t\t\t\t\t\t\t<\/a>\n\t\t\t\t\t\t\t<a class=\"e-gallery-item elementor-gallery-item elementor-animated-content\" href=\"https:\/\/www.fotolibera.com\/mif\/wp-content\/uploads\/2025\/07\/12-DeNiroRobert2010.jpg\" data-elementor-open-lightbox=\"yes\" data-elementor-lightbox-slideshow=\"fb29068\" data-elementor-lightbox-title=\"12-DeNiroRobert2010\" data-e-action-hash=\"#elementor-action%3Aaction%3Dlightbox%26settings%3DeyJpZCI6MjYxMCwidXJsIjoiaHR0cHM6XC9cL3d3dy5mb3RvbGliZXJhLmNvbVwvbWlmXC93cC1jb250ZW50XC91cGxvYWRzXC8yMDI1XC8wN1wvMTItRGVOaXJvUm9iZXJ0MjAxMC5qcGciLCJzbGlkZXNob3ciOiJmYjI5MDY4In0%3D\">\n\t\t\t\t\t<div class=\"e-gallery-image elementor-gallery-item__image\" data-thumbnail=\"https:\/\/www.fotolibera.com\/mif\/wp-content\/uploads\/2025\/07\/12-DeNiroRobert2010-570x570.jpg\" data-width=\"570\" data-height=\"570\" aria-label=\"\" role=\"img\" ><\/div>\n\t\t\t\t\t\t\t\t\t\t\t<div class=\"elementor-gallery-item__overlay\"><\/div>\n\t\t\t\t\t\t\t\t\t\t\t\t\t\t<\/a>\n\t\t\t\t\t\t\t<a class=\"e-gallery-item elementor-gallery-item elementor-animated-content\" href=\"https:\/\/www.fotolibera.com\/mif\/wp-content\/uploads\/2025\/07\/19-JavierBardem.jpg\" data-elementor-open-lightbox=\"yes\" data-elementor-lightbox-slideshow=\"fb29068\" data-elementor-lightbox-title=\"attore\" data-e-action-hash=\"#elementor-action%3Aaction%3Dlightbox%26settings%3DeyJpZCI6MjYxMSwidXJsIjoiaHR0cHM6XC9cL3d3dy5mb3RvbGliZXJhLmNvbVwvbWlmXC93cC1jb250ZW50XC91cGxvYWRzXC8yMDI1XC8wN1wvMTktSmF2aWVyQmFyZGVtLmpwZyIsInNsaWRlc2hvdyI6ImZiMjkwNjgifQ%3D%3D\">\n\t\t\t\t\t<div class=\"e-gallery-image elementor-gallery-item__image\" data-thumbnail=\"https:\/\/www.fotolibera.com\/mif\/wp-content\/uploads\/2025\/07\/19-JavierBardem-570x570.jpg\" data-width=\"570\" data-height=\"570\" aria-label=\"\" role=\"img\" ><\/div>\n\t\t\t\t\t\t\t\t\t\t\t<div class=\"elementor-gallery-item__overlay\"><\/div>\n\t\t\t\t\t\t\t\t\t\t\t\t\t\t<\/a>\n\t\t\t\t\t\t\t<a class=\"e-gallery-item elementor-gallery-item elementor-animated-content\" href=\"https:\/\/www.fotolibera.com\/mif\/wp-content\/uploads\/2025\/07\/BellucciMonica-Cartier1999-lr.jpg\" data-elementor-open-lightbox=\"yes\" data-elementor-lightbox-slideshow=\"fb29068\" data-elementor-lightbox-title=\"BellucciMonica-Cartier1999-lr\" data-e-action-hash=\"#elementor-action%3Aaction%3Dlightbox%26settings%3DeyJpZCI6MjYxMiwidXJsIjoiaHR0cHM6XC9cL3d3dy5mb3RvbGliZXJhLmNvbVwvbWlmXC93cC1jb250ZW50XC91cGxvYWRzXC8yMDI1XC8wN1wvQmVsbHVjY2lNb25pY2EtQ2FydGllcjE5OTktbHIuanBnIiwic2xpZGVzaG93IjoiZmIyOTA2OCJ9\">\n\t\t\t\t\t<div class=\"e-gallery-image elementor-gallery-item__image\" data-thumbnail=\"https:\/\/www.fotolibera.com\/mif\/wp-content\/uploads\/2025\/07\/BellucciMonica-Cartier1999-lr-570x570.jpg\" data-width=\"570\" data-height=\"570\" aria-label=\"\" role=\"img\" ><\/div>\n\t\t\t\t\t\t\t\t\t\t\t<div class=\"elementor-gallery-item__overlay\"><\/div>\n\t\t\t\t\t\t\t\t\t\t\t\t\t\t<\/a>\n\t\t\t\t\t\t\t<a class=\"e-gallery-item elementor-gallery-item elementor-animated-content\" href=\"https:\/\/www.fotolibera.com\/mif\/wp-content\/uploads\/2025\/07\/ColinFirth-ok-lr.jpg\" data-elementor-open-lightbox=\"yes\" data-elementor-lightbox-slideshow=\"fb29068\" data-elementor-lightbox-title=\"ColinFirth-ok-lr\" data-e-action-hash=\"#elementor-action%3Aaction%3Dlightbox%26settings%3DeyJpZCI6MjYxMywidXJsIjoiaHR0cHM6XC9cL3d3dy5mb3RvbGliZXJhLmNvbVwvbWlmXC93cC1jb250ZW50XC91cGxvYWRzXC8yMDI1XC8wN1wvQ29saW5GaXJ0aC1vay1sci5qcGciLCJzbGlkZXNob3ciOiJmYjI5MDY4In0%3D\">\n\t\t\t\t\t<div class=\"e-gallery-image elementor-gallery-item__image\" data-thumbnail=\"https:\/\/www.fotolibera.com\/mif\/wp-content\/uploads\/2025\/07\/ColinFirth-ok-lr-570x570.jpg\" data-width=\"570\" data-height=\"570\" aria-label=\"\" role=\"img\" ><\/div>\n\t\t\t\t\t\t\t\t\t\t\t<div class=\"elementor-gallery-item__overlay\"><\/div>\n\t\t\t\t\t\t\t\t\t\t\t\t\t\t<\/a>\n\t\t\t\t\t\t\t<a class=\"e-gallery-item elementor-gallery-item elementor-animated-content\" href=\"https:\/\/www.fotolibera.com\/mif\/wp-content\/uploads\/2025\/07\/sting-lr.jpg\" data-elementor-open-lightbox=\"yes\" data-elementor-lightbox-slideshow=\"fb29068\" data-elementor-lightbox-title=\"sting-lr\" data-e-action-hash=\"#elementor-action%3Aaction%3Dlightbox%26settings%3DeyJpZCI6MjYxNCwidXJsIjoiaHR0cHM6XC9cL3d3dy5mb3RvbGliZXJhLmNvbVwvbWlmXC93cC1jb250ZW50XC91cGxvYWRzXC8yMDI1XC8wN1wvc3RpbmctbHIuanBnIiwic2xpZGVzaG93IjoiZmIyOTA2OCJ9\">\n\t\t\t\t\t<div class=\"e-gallery-image elementor-gallery-item__image\" data-thumbnail=\"https:\/\/www.fotolibera.com\/mif\/wp-content\/uploads\/2025\/07\/sting-lr-570x570.jpg\" data-width=\"570\" data-height=\"570\" aria-label=\"\" role=\"img\" ><\/div>\n\t\t\t\t\t\t\t\t\t\t\t<div class=\"elementor-gallery-item__overlay\"><\/div>\n\t\t\t\t\t\t\t\t\t\t\t\t\t\t<\/a>\n\t\t\t\t\t<\/div>\n\t\t\t\t\t<\/div>\n\t\t\t\t<\/div>\n\t\t\t\t<div class=\"elementor-element elementor-element-9676ace elementor-widget elementor-widget-text-editor\" data-id=\"9676ace\" data-element_type=\"widget\" data-widget_type=\"text-editor.default\">\n\t\t\t\t<div class=\"elementor-widget-container\">\n\t\t\t\t\t\t\t\t\t<h4>La Tecnica:<\/h4><p>In seguito, dal 1983, inizia ad usare quasi esclusivamente le istantanee Polaroid sia per l&#8217;immediatezza e la verifica del risultato sia per la possibilit\u00e0 di &#8220;manipolare&#8221; in post produzione<br \/>la copia ottenuta. Sar\u00e0 infatti proprio con la Polaroid che esprimer\u00e0 una tecnica personale che avr\u00e0 come risultato finale un vero e proprio mosaico fotografico. La Polaroid viene<br \/>utilizzata per scomporre e ricompore l&#8217;immagine in mosaici ricreando il soggetto fotografato, reinterpretandolo. Anche nei ritratti[2], molti dei quali hanno come protagonisti personaggi famosi comeJohnny Depp, Lady Gaga, Robert De Niro, e altri, con la tecnica di scomposizione il risultato finale sar\u00e0 la tridimensionalit\u00e0 dell&#8217;immagine manipolata.<br \/>La particolare tecnica da lui sviluppata, chiamata anche &#8220;a grappolo&#8221; o &#8220;ad ali di farfalla&#8221;[3], descritta in diversi articoli[4] e spiegata dallo stesso Galimberti con dei filmati, ha suscitato l&#8217;interesse di numerose aziende leader in vari settori, tra le quali: Milan calcio (Il Milan del centenario), Fiat Auto (calendario 2006[5], libro Viaggio in italia&#8230;nuova Fiat 500[6]), Kerakoll (libro New York materico movimentosa), Jaeger LeCoultre (libro La grand maison), Illycaff\u00e8 (campagna istituzionale 2008), Nokia (libro telefoninotempoemozione), Lancia (ritratti alla 66a<br \/>mostra del cinema di Venezia); sempre a Venezia \u00e8 nella giuria del concorso fotografico &#8220;Venice Movie StarsPhotography Award&#8221; dedicato alle immagini scattate in occasione della<br \/>Mostra del Cinema di Venezia.<br \/>Con le sue tecniche a Mosaico \u201cReinterpreta e Reinventa\u201d opere famose quali:<br \/>\u2022 \u2022 &#8211; Vittoria Alata di Brescia , l&#8217;immagine realizzata, \u00e8 stata<br \/>utilizzata come manifesto ufficiale della Vittoria Alata dal Museo Di Santa Giulia \/ Brescia.<br \/>\u2022 \u2022 &#8211; Cenacolo di Leonardo Da Vinci, a cui \u00e8 dedicato il volume \u201cIl Cenacolo di Leonardo Da Vinci\u201d fotografie di Maurizio Galimberti edito di SKIRA e poi esposte nelle Gallerie D\u2019Italia di<br \/>IntesaSanPaolo a Milano .<br \/>\u2022 \u2022 &#8211; Cappellone di San Nicola a Tolentino (Macerata), tra il 2015 e il 2017 ha realizzato un progetto fotografico con tutte le tecniche della fotografia Instant (Polaroid -Fuji- Impossible project) e la parte finale del progetto \u00e8 dedicata al post sisma del 30\/10\/2016, con l&#8217;utilizzo delle rinnovate pellicole (originali) Polaroid 50&#215;60. Da Polaroid a Fuji<br \/>Con la fine della produzione Polaroid nel 2008 e pur con la difficile ripresa, un po&#8217; sperimentale, della produzione da IMPOSSIBLE, la carenza di pellicole ha portato Galimberti ad<br \/>utilizzare sempre pi\u00f9 pellicole Fuji. Dal settembre 2017 \u00e8 Instant Artist ufficiale Di Fuji Italia (progetto Instax Square).<br \/>Sempre con Fuji Instax Square , dal 2019, si dedica a una nuova tecnica fotografica, con la realizzazione della \u201cMatrice Fuji Instax Square\u201d, Matrice che poi viene scomposta a mosaico. La Matrice viene considerata parte integrante (ma separata) del mosaico stesso, la tecnica \u00e8 stata usata per le opere dei progetti: Progetto \u201cEmilia\u201d, &#8220;Gibellina 2020-2021&#8221;,Progetto \u201cLuchi Sport\u201d e \u201cFumetti\u201d ,\u201cForest Frame &#8220;, \u201cUno Sguardo Nel Labirinto Della Storia\u201d e \u201cL\u2019illusione di una storia senza futuro\u201d.<\/p><p>\u00a0<\/p><p><br \/><strong>Mostre e progetti<\/strong><br \/>Nel 2013 l&#8217;Istituto Veneto di Scienze Lettere ed Arti[7] e Giart hanno promosso una Mostra antologica sul &#8220;Paesaggio Italia&#8221;, con oltre 150 opere, che si \u00e8 svolta a Palazzo Franchetti a Venezia e dalla quale \u00e8 scaturita l&#8217;omonima pubblicazione.<\/p><p><br \/>Nel 2015-16-17 ha realizzato un progetto fotografico con tutte le tecniche della fotografia Instant (Polaroid -Fuji- Impossible project) sul Cappellone di San Nicola a Tolentino (Macerata), la parte finale del progetto \u00e8 dedicata al post sisma del 30\/10\/2016, con l&#8217;utilizzo delle rinnovate pellicole (originali) Polaroid 50&#215;60.<\/p><p><br \/>Nel 2017 partecipa alla 57a Biennale Arte di Venezia[8] ( Padiglione Venezia a cura Prof . Stefano Zecchi ). Dal settembre 2017 \u00e8 Instant Artist ufficiale Di Fuji Italia (progetto Instax Square).<\/p><p><br \/>Nel 2017\/18 ha realizzato per conto di Archivio Nord Est, 2 progetti sul mondo dei fiori, di cui sono stati dedicati i volumi Flowers 1 e 2 editi dal centro diffusione Arte.<\/p><p><br \/>Nel 2018 ha realizzato un progetto per la Maison Enrico Coveri denominato \u201cAround Enrico Coveri\u201d il progetto dedicato ad Enrico Coveri, meraviglioso protagonista della moda italiana, (prematuramente scomparso nel 1990), al progetto \u00e8 stato dedicato il volume \u201cAround Enrico Coveri\u201d, edito di Silvana Editoriale. Un altro progetto realizzato nel 2018 \u00e8 quello<br \/>dedicato al Cenacolo di Leonardo Da Vinci, a cui \u00e8 dedicato il volume \u201cIl Cenacolo di Leonardo Da Vinci\u201d fotografie di Maurizio Galimberti edito di SKIRA.<\/p><p><br \/>Nel Dicembre 2018, \u00e8 stato inserito nella prestigiosa mostra, a cura di Denis Curti dal titolo \u201cL\u2019ITALIA DEI FOTOGRAFI\u201d, 24 autori simbolo della fotografia Italiana del 900, al museo M9 di Venezia \u2013 Mestre. Alla mostra \u00e8 dedicato il relativo volume edito da Marsilio Editore.<\/p><p>\u00a0<\/p><p>Nel 2019 ha iniziato un nuovo progetto sulla regione Emilia, alla prima parte del progetto \u00e8 dedicato il volume presentato al festival OFF di fotografia Europea\/ Reggio Emilia, intitolato \u201cProgetto Emilia, prime istantanee\u201d; edito da Corsiero editore. Al progetto Emilia \u00e8 collegata la nuova ricerca fotografica, con la realizzazione della \u201cMatrice Fuji Instax Square\u201d, Matrice che poi viene scomposta a mosaico. La Matrice viene considerata parte integrante (ma separata) del mosaico stesso, la stessa tecnica \u00e8 stata usata per le opere del progetto &#8220;Gibellina 2020- 2021&#8221;<br \/>Sempre nel 2019, la ricerca si sposta in due progetti specifici dedicati il primo ai fumetti ed il secondo al mondo dello sport, rileggendo in entrambi i casi con la tecnica del mosaico in ready<br \/>made immagini iconiche di fumetti illustrati e di storie memorabili di sport. Entrambi i progetti sono realizzati per la prestigiosa collezione di fotografia Milanese \u201cLUCHI collection\u201d<br \/>e vengono poi presentati in due volumi dedicati. Ha realizzato l&#8217;immagine simbolo della Vittoria Alata di Brescia, l&#8217;immagine realizzata, \u00e8 stata utilizzata come manifesto ufficiale della Vitoria Alata dal Museo Di Santa Giulia \/ Brescia.<\/p><p>\u00a0<\/p><p>Tra novembre 2019 e fine gennaio 2020, le sue immagini sul Cenacolo di Leonardo Da Vinci, sono state esposte nelle Gallerie D&#8217;Italia di Intesa San Paolo a Milano .<br \/>Dal 2019 crea le immagini per le campagne pubblicitarie di &#8220;Acqua di Parma&#8221;<\/p><p>\u00a0<\/p><p>Nel 2020 ha realizzato un progetto su GIBELLINA con residenza d&#8217;artista, a cura di Cristina Costanzo conn un libro d&#8217;artista edito nel 2021 da Dadainstant con testi critici di Michele Cometa e Cristina Costanzo. Il progetto e&#8217; stato presentato in occasione della Mostra \u201e MAURIZIO GALIMBERTI VISIONI MOLTEPLICI\u201c, nell&#8217;ambito del Festival IMAGES al Museo delle Trame Mediterranee \u2013 Fondazione Orestiadi di Gibellina.<\/p><p>\u00a0<\/p><p>Nel 2020 e 2021 ha realizzato due progetti di rilettura di immagini storiche, nato da un&#8217;idea comune con Paolo Ludovici di Luchi Collection. Tutte le immagini realizzate sono poi state pubblicate nei volumi Uno Sguardo Nel Labirinto Della Storia edito da SKIRA, con testi di Denis Curti e Matteo Nucci e L&#8217;illusione di una storia senza futuro edito da SKIRA, con testi di<br \/>Gianni Canova e Maurizio Rebuzzini.<br \/>Sempre nel 2020 ha realizzato per il Museo Muse di Trento, su incarico del prof. Stefano Zecchi, un progetto denominato Forest Frame, le immagini del progetto, sono state in mostra fino al giugno 2021, al Muse \/ Palazzo delle Albere di Trento.<\/p><p><br \/>Nel 2021 ha realizzato un progetto fotografico raccolto poi in un volume dedicato per il Gruppo Industriale Rubinetterie Bresciane (Bonomi Group \u2013 Brescia). Sempre nel 2021 ha<br \/>partecipato assieme a Gianni Berengo Gardin alla mostra \u201cDue Sguardi a Confronto\u201d organizzata da Fondazione di Venezia, per i 1600 anni della citt\u00e0 di Venezia.<br \/>Nel Dicembre 2021, partecipa alla mostra \u201cDiabolik alla Mole\u201d a cura di Luca Beatrice, all&#8217;interno della Mole Antonelliana diTorino, che celebra i 60 anni del celebre personaggio creato<br \/>dalle Sorelle Milani nel 1962.<\/p><p>\u00a0<\/p><p>Nel 2022 Ha realizzato il supporto Fotografico\/artistico per il volume del 70\u00b0 di Fontana Gruppo\u201d INSDE THE CATHEDRAL OF THE WORLD\u201d edito da Marsilio Editore. A Marzo apre presso il Museo Diocesano di Milano la sua personale \u201c Uno Sguardo sulla Nostra Storia, con la<br \/>presentazione del volume \u201cIllusione di una Storia Senza futuro\u201d edito da Skira<\/p><p>Per la LUCHI COLLECTION ha realizzato un progetto storico dedicato alla strage del Bois du Cazier( A Marcinelle, Belgio), con la pubblicazione del volume dedicato \u201eLA PROMESSA\u201c edizioni Skira.<\/p><p><br \/>Nel Settembre e&#8217; stato insignito del prestigioso premio A.I.F. alla carriera, Palazzo Reale Milano.<br \/>A ottobre ha vinto ( ex equo con Giovanni Chiaramonte) il concorso \u201eLE IMMAGINI RILEGATE\u201c organizzato dal FOTO Festival Milano, con il volume \u201e L&#8217;illusione di una storia senza futuro\u201c edizioni Skira. Per l&#8217;Associazione EFFETTO GHERGO di Montefano ha realizzato una mostra personale \u201eIL MOSAICO DEL MONDO\u201c a cura di Denis Curti, presso il Museo Buonaccorsi di Macerata. Nella sua personale \u201eLA FORMA DELL&#8217;IMMAGINE\u201cc&#8217;e&#8217; uno spaccato a 360\u00b0 sul lavoro vasto e complesso di Maurizio Galimberti a cura di Denis Curti, presso la Fondazione MAJID a Ascona (CH) A Maggio e&#8217; uscita la sua biografia \u201eIL MOSAICO DEL MONDO\u201c<br \/>scritta a 4 mani con Denis Curti, edita da Marsilio Carta Bianca. Ad Agosto e&#8217; stata inaugurata la sua grande mostra \u201eMOSAICI SCOMPOSTI\u201c a cura di Denis Curti, presso il museo Harry Bertoia di Pordenone.<br \/>In Ottobre vince ex equo (con Giovanni Chiaramonte) il premio \u201cLE IMMAGINI RILEGATE\u201d Kasa dei libri -Milano Nel 2023 In febbraio espone al MAC di Lissone la mostra &#8220;ISTANTI DI STORIA&#8221; In Agosto presenta al Bois du Cazier-Marcinelle\/Charleroi il volume \u201cLa Promessa\u201d edito da Skira In Agosto espone al Museo MACOF la mostra &#8220;ISTANTI DI STORIA&#8221;<\/p><p>In Ottobre presenta la mostra \u201cProgetto Sport\u201d presso gli Ex<br \/>Magazzini del sale \u2013 Bergamo<\/p><p>Ha realizzato un progetto fotografico sulla Strage di Brescia 1974 che verra\u2019 esposto in una mostra che si terra\u2019 al Museo di Santa Giulia nel Marzo 2024 a Brescia , nell\u2019occasione verra\u2019<br \/>pubblicato un volume dedicato da Skira, con testi di Gherardo Colombo, Manlio Milani( Casa della Memoria- Brescia) e Renato Corsini<br \/>Il 7 Dicembre riceve la &#8221; Civica Benemerenza &#8221; dal Comune di Meda per meriti artistici<\/p><p>Nel 2024 In Gennaio ha realizzato la prestigiosa cover della guida \u201cLe Soste\u201d eccellenza della ristorazione Italiana In Gennaio ha tenuto una \u201cLectio magistralis\u201d presso l\u2019Accademia di Brera , sala Napoleonica In Febbraio tiene la Lectio magistralis nell\u2019ambito di FOTOTESTI, con Cristina Costanzo, Museo Internazionale delle Marionette \u201cAntonio Pasqualino\u201d, Palermo<\/p><p>Nel 1999 \u00e8 stato nominato al primo posto nella classifica dei<br \/>foto-ritrattisti italiani redatta dalla rivista ClassHYPERLINK<br \/><span style=\"color: #0000ff;\"><a style=\"color: #0000ff;\" href=\"http:\/\/&quot;https:\/\/it.wikipedia.org\/wiki\/Maurizio_Galimberti#cite_note-9&quot;\" data-wplink-url-error=\"true\">&#8220;https:\/\/it.wikipedia.org\/wiki\/Maurizio_Galimberti#cite_note-9&#8221;<\/a><\/span><\/p><p>.<\/p>\t\t\t\t\t\t\t\t<\/div>\n\t\t\t\t<\/div>\n\t\t\t\t\t<\/div>\n\t\t<\/div>\n\t\t\t\t<div class=\"elementor-column elementor-col-33 elementor-inner-column elementor-element elementor-element-b418185\" data-id=\"b418185\" data-element_type=\"column\">\n\t\t\t<div class=\"elementor-widget-wrap elementor-element-populated\">\n\t\t\t\t\t\t<div class=\"elementor-element elementor-element-b67b711 elementor-widget elementor-widget-spacer\" data-id=\"b67b711\" data-element_type=\"widget\" data-widget_type=\"spacer.default\">\n\t\t\t\t<div class=\"elementor-widget-container\">\n\t\t\t\t\t\t\t<div class=\"elementor-spacer\">\n\t\t\t<div class=\"elementor-spacer-inner\"><\/div>\n\t\t<\/div>\n\t\t\t\t\t\t<\/div>\n\t\t\t\t<\/div>\n\t\t\t\t<div class=\"elementor-element elementor-element-d6ffe16 elementor-widget elementor-widget-spacer\" data-id=\"d6ffe16\" data-element_type=\"widget\" data-widget_type=\"spacer.default\">\n\t\t\t\t<div class=\"elementor-widget-container\">\n\t\t\t\t\t\t\t<div class=\"elementor-spacer\">\n\t\t\t<div class=\"elementor-spacer-inner\"><\/div>\n\t\t<\/div>\n\t\t\t\t\t\t<\/div>\n\t\t\t\t<\/div>\n\t\t\t\t<div class=\"elementor-element elementor-element-da28fb0 elementor-widget elementor-widget-text-editor\" data-id=\"da28fb0\" data-element_type=\"widget\" data-widget_type=\"text-editor.default\">\n\t\t\t\t<div class=\"elementor-widget-container\">\n\t\t\t\t\t\t\t\t\t<h4><strong>Auditorium Giusi Spezzaferri<\/strong><\/h4>\t\t\t\t\t\t\t\t<\/div>\n\t\t\t\t<\/div>\n\t\t\t\t<div class=\"elementor-element elementor-element-351b133 elementor-cta--skin-classic elementor-animated-content elementor-bg-transform elementor-bg-transform-zoom-in elementor-widget elementor-widget-call-to-action\" data-id=\"351b133\" data-element_type=\"widget\" data-widget_type=\"call-to-action.default\">\n\t\t\t\t<div class=\"elementor-widget-container\">\n\t\t\t\t\t\t\t<div class=\"elementor-cta\">\n\t\t\t\t\t<div class=\"elementor-cta__bg-wrapper\">\n\t\t\t\t<div class=\"elementor-cta__bg elementor-bg lazyload\" style=\"background-image:inherit;\" role=\"img\" aria-label=\"45629792602_b240a1fa17_c\" data-bg-image=\"url(https:\/\/www.fotolibera.com\/mif\/wp-content\/uploads\/2023\/07\/45629792602_b240a1fa17_c.jpg)\"><\/div>\n\t\t\t\t<div class=\"elementor-cta__bg-overlay\"><\/div>\n\t\t\t<\/div>\n\t\t\t\t\t\t\t<div class=\"elementor-cta__content\">\n\t\t\t\t\n\t\t\t\t\n\t\t\t\t\t\t\t\t\t<div class=\"elementor-cta__description elementor-cta__content-item elementor-content-item\">\n\t\t\t\t\t\tProgrammazione e orari\t\t\t\t\t<\/div>\n\t\t\t\t\n\t\t\t\t\t\t\t\t\t<div class=\"elementor-cta__button-wrapper elementor-cta__content-item elementor-content-item \">\n\t\t\t\t\t<a class=\"elementor-cta__button elementor-button elementor-size-\" href=\"https:\/\/www.fotolibera.com\/mif\/sedi-espositive\/\">\n\t\t\t\t\t\tClicca qui\t\t\t\t\t<\/a>\n\t\t\t\t\t<\/div>\n\t\t\t\t\t\t\t<\/div>\n\t\t\t\t\t\t\t<div class=\"elementor-ribbon\">\n\t\t\t\t<div class=\"elementor-ribbon-inner\">\n\t\t\t\t\tLectio m.\t\t\t\t<\/div>\n\t\t\t<\/div>\n\t\t\t\t<\/div>\n\t\t\t\t\t\t<\/div>\n\t\t\t\t<\/div>\n\t\t\t\t<div class=\"elementor-element elementor-element-d5127da elementor-widget elementor-widget-spacer\" data-id=\"d5127da\" data-element_type=\"widget\" data-widget_type=\"spacer.default\">\n\t\t\t\t<div class=\"elementor-widget-container\">\n\t\t\t\t\t\t\t<div class=\"elementor-spacer\">\n\t\t\t<div class=\"elementor-spacer-inner\"><\/div>\n\t\t<\/div>\n\t\t\t\t\t\t<\/div>\n\t\t\t\t<\/div>\n\t\t\t\t<div class=\"elementor-element elementor-element-c830988 elementor-share-buttons--view-icon elementor-share-buttons--skin-minimal elementor-share-buttons--shape-circle elementor-share-buttons--align-center elementor-share-buttons--color-custom elementor-grid-0 elementor-widget elementor-widget-share-buttons\" data-id=\"c830988\" data-element_type=\"widget\" data-widget_type=\"share-buttons.default\">\n\t\t\t\t<div class=\"elementor-widget-container\">\n\t\t\t\t\t\t\t<div class=\"elementor-grid\" role=\"list\">\n\t\t\t\t\t\t\t\t<div class=\"elementor-grid-item\" role=\"listitem\">\n\t\t\t\t\t\t<div class=\"elementor-share-btn elementor-share-btn_facebook\" role=\"button\" tabindex=\"0\" aria-label=\"Condividi su facebook\">\n\t\t\t\t\t\t\t\t\t\t\t\t\t\t\t<span class=\"elementor-share-btn__icon\">\n\t\t\t\t\t\t\t\t<i class=\"fab fa-facebook\" aria-hidden=\"true\"><\/i>\t\t\t\t\t\t\t<\/span>\n\t\t\t\t\t\t\t\t\t\t\t\t\t\t\t\t\t\t\t\t<\/div>\n\t\t\t\t\t<\/div>\n\t\t\t\t\t\t\t\t\t<div class=\"elementor-grid-item\" role=\"listitem\">\n\t\t\t\t\t\t<div class=\"elementor-share-btn elementor-share-btn_twitter\" role=\"button\" tabindex=\"0\" aria-label=\"Condividi su twitter\">\n\t\t\t\t\t\t\t\t\t\t\t\t\t\t\t<span class=\"elementor-share-btn__icon\">\n\t\t\t\t\t\t\t\t<i class=\"fab fa-twitter\" aria-hidden=\"true\"><\/i>\t\t\t\t\t\t\t<\/span>\n\t\t\t\t\t\t\t\t\t\t\t\t\t\t\t\t\t\t\t\t<\/div>\n\t\t\t\t\t<\/div>\n\t\t\t\t\t\t\t\t\t<div class=\"elementor-grid-item\" role=\"listitem\">\n\t\t\t\t\t\t<div class=\"elementor-share-btn elementor-share-btn_linkedin\" role=\"button\" tabindex=\"0\" aria-label=\"Condividi su linkedin\">\n\t\t\t\t\t\t\t\t\t\t\t\t\t\t\t<span class=\"elementor-share-btn__icon\">\n\t\t\t\t\t\t\t\t<i class=\"fab fa-linkedin\" aria-hidden=\"true\"><\/i>\t\t\t\t\t\t\t<\/span>\n\t\t\t\t\t\t\t\t\t\t\t\t\t\t\t\t\t\t\t\t<\/div>\n\t\t\t\t\t<\/div>\n\t\t\t\t\t\t\t\t\t<div class=\"elementor-grid-item\" role=\"listitem\">\n\t\t\t\t\t\t<div class=\"elementor-share-btn elementor-share-btn_email\" role=\"button\" tabindex=\"0\" aria-label=\"Condividi su email\">\n\t\t\t\t\t\t\t\t\t\t\t\t\t\t\t<span class=\"elementor-share-btn__icon\">\n\t\t\t\t\t\t\t\t<i class=\"fas fa-envelope\" aria-hidden=\"true\"><\/i>\t\t\t\t\t\t\t<\/span>\n\t\t\t\t\t\t\t\t\t\t\t\t\t\t\t\t\t\t\t\t<\/div>\n\t\t\t\t\t<\/div>\n\t\t\t\t\t\t\t\t\t<div class=\"elementor-grid-item\" role=\"listitem\">\n\t\t\t\t\t\t<div class=\"elementor-share-btn elementor-share-btn_print\" role=\"button\" tabindex=\"0\" aria-label=\"Condividi su print\">\n\t\t\t\t\t\t\t\t\t\t\t\t\t\t\t<span class=\"elementor-share-btn__icon\">\n\t\t\t\t\t\t\t\t<i class=\"fas fa-print\" aria-hidden=\"true\"><\/i>\t\t\t\t\t\t\t<\/span>\n\t\t\t\t\t\t\t\t\t\t\t\t\t\t\t\t\t\t\t\t<\/div>\n\t\t\t\t\t<\/div>\n\t\t\t\t\t\t\t\t\t<div class=\"elementor-grid-item\" role=\"listitem\">\n\t\t\t\t\t\t<div class=\"elementor-share-btn elementor-share-btn_whatsapp\" role=\"button\" tabindex=\"0\" aria-label=\"Condividi su whatsapp\">\n\t\t\t\t\t\t\t\t\t\t\t\t\t\t\t<span class=\"elementor-share-btn__icon\">\n\t\t\t\t\t\t\t\t<i class=\"fab fa-whatsapp\" aria-hidden=\"true\"><\/i>\t\t\t\t\t\t\t<\/span>\n\t\t\t\t\t\t\t\t\t\t\t\t\t\t\t\t\t\t\t\t<\/div>\n\t\t\t\t\t<\/div>\n\t\t\t\t\t\t<\/div>\n\t\t\t\t\t\t<\/div>\n\t\t\t\t<\/div>\n\t\t\t\t<div class=\"elementor-element elementor-element-667293e elementor-widget elementor-widget-qi_addons_for_elementor_animated_text\" data-id=\"667293e\" data-element_type=\"widget\" data-widget_type=\"qi_addons_for_elementor_animated_text.default\">\n\t\t\t\t<div class=\"elementor-widget-container\">\n\t\t\t\t\t<div class=\"qodef-shortcode qodef-m qodef-qi-animated-text qodef--animated-by-word qodef--alignment-center qodef-qi--has-appear qodef--appear-from-right\" >\n\t\t<h6 class=\"qodef-m-title\">\n\t\t<span class=\"qodef-e-word\">Iscriviti<\/span> <span class=\"qodef-e-word\">alla<\/span> <span class=\"qodef-e-word\">nostra<\/span> <span class=\"qodef-e-word\">newsletter<\/span> <span class=\"qodef-e-word\">per<\/span> <span class=\"qodef-e-word\">essere<\/span> <span class=\"qodef-e-word\">aggiornato<\/span> <span class=\"qodef-e-word\">su<\/span> <span class=\"qodef-e-word\">tutte<\/span> <span class=\"qodef-e-word\">le<\/span> <span class=\"qodef-e-word\">novit\u00e0<\/span> <span class=\"qodef-e-word\">di<\/span> <span class=\"qodef-e-word\">M.I.F.<\/span>\t<\/h6>\n<\/div>\n\t\t\t\t<\/div>\n\t\t\t\t<\/div>\n\t\t\t\t<div class=\"elementor-element elementor-element-77b65a7 elementor-widget elementor-widget-shortcode\" data-id=\"77b65a7\" data-element_type=\"widget\" data-widget_type=\"shortcode.default\">\n\t\t\t\t<div class=\"elementor-widget-container\">\n\t\t\t\t\t\t\t<div class=\"elementor-shortcode\">  \n  \n  <div class=\"\n    mailpoet_form_popup_overlay\n      \"><\/div>\n  <div\n    id=\"mailpoet_form_1\"\n    class=\"\n      mailpoet_form\n      mailpoet_form_shortcode\n      mailpoet_form_position_\n      mailpoet_form_animation_\n    \"\n      >\n\n    <style type=\"text\/css\">\n     #mailpoet_form_1 .mailpoet_form {  }\n#mailpoet_form_1 form { margin-bottom: 0; }\n#mailpoet_form_1 p.mailpoet_form_paragraph { margin-bottom: 10px; }\n#mailpoet_form_1 .mailpoet_column_with_background { padding: 10px; }\n#mailpoet_form_1 .mailpoet_form_column:not(:first-child) { margin-left: 20px; }\n#mailpoet_form_1 .mailpoet_paragraph { line-height: 20px; margin-bottom: 20px; }\n#mailpoet_form_1 .mailpoet_segment_label, #mailpoet_form_1 .mailpoet_text_label, #mailpoet_form_1 .mailpoet_textarea_label, #mailpoet_form_1 .mailpoet_select_label, #mailpoet_form_1 .mailpoet_radio_label, #mailpoet_form_1 .mailpoet_checkbox_label, #mailpoet_form_1 .mailpoet_list_label, #mailpoet_form_1 .mailpoet_date_label { display: block; font-weight: normal; }\n#mailpoet_form_1 .mailpoet_text, #mailpoet_form_1 .mailpoet_textarea, #mailpoet_form_1 .mailpoet_select, #mailpoet_form_1 .mailpoet_date_month, #mailpoet_form_1 .mailpoet_date_day, #mailpoet_form_1 .mailpoet_date_year, #mailpoet_form_1 .mailpoet_date { display: block; }\n#mailpoet_form_1 .mailpoet_text, #mailpoet_form_1 .mailpoet_textarea { width: 200px; }\n#mailpoet_form_1 .mailpoet_checkbox {  }\n#mailpoet_form_1 .mailpoet_submit {  }\n#mailpoet_form_1 .mailpoet_divider {  }\n#mailpoet_form_1 .mailpoet_message {  }\n#mailpoet_form_1 .mailpoet_form_loading { width: 30px; text-align: center; line-height: normal; }\n#mailpoet_form_1 .mailpoet_form_loading > span { width: 5px; height: 5px; background-color: #5b5b5b; }#mailpoet_form_1{border-radius: 0px;text-align: left;}#mailpoet_form_1 form.mailpoet_form {padding: 10px;}#mailpoet_form_1{width: 65%;}#mailpoet_form_1 .mailpoet_message {margin: 0; padding: 0 20px;}\n        #mailpoet_form_1 .mailpoet_validate_success {color: #00d084}\n        #mailpoet_form_1 input.parsley-success {color: #00d084}\n        #mailpoet_form_1 select.parsley-success {color: #00d084}\n        #mailpoet_form_1 textarea.parsley-success {color: #00d084}\n      \n        #mailpoet_form_1 .mailpoet_validate_error {color: #cf2e2e}\n        #mailpoet_form_1 input.parsley-error {color: #cf2e2e}\n        #mailpoet_form_1 select.parsley-error {color: #cf2e2e}\n        #mailpoet_form_1 textarea.textarea.parsley-error {color: #cf2e2e}\n        #mailpoet_form_1 .parsley-errors-list {color: #cf2e2e}\n        #mailpoet_form_1 .parsley-required {color: #cf2e2e}\n        #mailpoet_form_1 .parsley-custom-error-message {color: #cf2e2e}\n      #mailpoet_form_1 .mailpoet_paragraph.last {margin-bottom: 0} @media (max-width: 500px) {#mailpoet_form_1 {background-image: none;}} @media (min-width: 500px) {#mailpoet_form_1 .last .mailpoet_paragraph:last-child {margin-bottom: 0}}  @media (max-width: 500px) {#mailpoet_form_1 .mailpoet_form_column:last-child .mailpoet_paragraph:last-child {margin-bottom: 0}} \n    <\/style>\n\n    <form\n      target=\"_self\"\n      method=\"post\"\n      action=\"https:\/\/www.fotolibera.com\/mif\/wp-admin\/admin-post.php?action=mailpoet_subscription_form\"\n      class=\"mailpoet_form mailpoet_form_form mailpoet_form_shortcode\"\n      novalidate\n      data-delay=\"\"\n      data-exit-intent-enabled=\"\"\n      data-font-family=\"\"\n      data-cookie-expiration-time=\"\"\n    >\n      <input type=\"hidden\" name=\"data[form_id]\" value=\"1\" \/>\n      <input type=\"hidden\" name=\"token\" value=\"14317d5fb4\" \/>\n      <input type=\"hidden\" name=\"api_version\" value=\"v1\" \/>\n      <input type=\"hidden\" name=\"endpoint\" value=\"subscribers\" \/>\n      <input type=\"hidden\" name=\"mailpoet_method\" value=\"subscribe\" \/>\n\n      <label class=\"mailpoet_hp_email_label\" style=\"display: none !important;\">Lascia questo campo vuoto<input type=\"email\" name=\"data[email]\"\/><\/label><div class='mailpoet_spacer' style='height: 10px;'><\/div>\n<div class=\"mailpoet_paragraph \"><input type=\"email\" autocomplete=\"email\" class=\"mailpoet_text\" id=\"form_email_1\" name=\"data[form_field_MTMzNmI2MmEyMmU0X2VtYWls]\" title=\"Indirizzo email\" value=\"\" style=\"width:100%;box-sizing:border-box;background-color:#f1f1f1;border-style:solid;border-radius:40px !important;border-width:0px;border-color:#313131;padding:15px;margin: 0 auto 0 0;font-family:&#039;Montserrat&#039;;font-size:15px;line-height:1.5;height:auto;\" data-automation-id=\"form_email\"  placeholder=\"Indirizzo email *\" aria-label=\"Indirizzo email *\" data-parsley-errors-container=\".mailpoet_error_13xmu\" data-parsley-required=\"true\" required aria-required=\"true\" data-parsley-minlength=\"6\" data-parsley-maxlength=\"150\" data-parsley-type-message=\"Questo valore dovrebbe essere un indirizzo email valido.\" data-parsley-required-message=\"Questo campo \u00e8 obbligatorio.\"\/><span class=\"mailpoet_error_13xmu\"><\/span><\/div>\n<div class=\"mailpoet_paragraph \"><input type=\"submit\" class=\"mailpoet_submit\" value=\"Iscriviti alla newsletter\" data-automation-id=\"subscribe-submit-button\" data-font-family='Montserrat' style=\"width:100%;box-sizing:border-box;background-color:#ffffff;border-style:solid;border-radius:40px !important;border-width:0px;border-color:#313131;padding:15px;margin: 0 auto 0 0;font-family:&#039;Montserrat&#039;;font-size:15px;line-height:1.5;height:auto;color:#000000;font-weight:bold;\" \/><span class=\"mailpoet_form_loading\"><span class=\"mailpoet_bounce1\"><\/span><span class=\"mailpoet_bounce2\"><\/span><span class=\"mailpoet_bounce3\"><\/span><\/span><\/div>\n\n      <div class=\"mailpoet_message\">\n        <p class=\"mailpoet_validate_success\"\n                style=\"display:none;\"\n                >Controlla la tua casella di posta o la cartella spam per confermare la tua iscrizione\n        <\/p>\n        <p class=\"mailpoet_validate_error\"\n                style=\"display:none;\"\n                >        <\/p>\n      <\/div>\n    <\/form>\n\n      <\/div>\n\n  <\/div>\n\t\t\t\t\t\t<\/div>\n\t\t\t\t<\/div>\n\t\t\t\t<div class=\"elementor-element elementor-element-e822989 elementor-widget elementor-widget-spacer\" data-id=\"e822989\" data-element_type=\"widget\" data-widget_type=\"spacer.default\">\n\t\t\t\t<div class=\"elementor-widget-container\">\n\t\t\t\t\t\t\t<div class=\"elementor-spacer\">\n\t\t\t<div class=\"elementor-spacer-inner\"><\/div>\n\t\t<\/div>\n\t\t\t\t\t\t<\/div>\n\t\t\t\t<\/div>\n\t\t\t\t<div class=\"elementor-element elementor-element-c8737b4 elementor-widget elementor-widget-spacer\" data-id=\"c8737b4\" data-element_type=\"widget\" data-widget_type=\"spacer.default\">\n\t\t\t\t<div class=\"elementor-widget-container\">\n\t\t\t\t\t\t\t<div class=\"elementor-spacer\">\n\t\t\t<div class=\"elementor-spacer-inner\"><\/div>\n\t\t<\/div>\n\t\t\t\t\t\t<\/div>\n\t\t\t\t<\/div>\n\t\t\t\t\t<\/div>\n\t\t<\/div>\n\t\t\t\t\t<\/div>\n\t\t<\/section>\n\t\t\t\t\t<\/div>\n\t\t<\/div>\n\t\t\t\t\t<\/div>\n\t\t<\/section>\n\t\t\t\t<section class=\"elementor-section elementor-top-section elementor-element elementor-element-2eacf6a elementor-section-boxed elementor-section-height-default elementor-section-height-default parallax_section_no qode_elementor_container_no\" data-id=\"2eacf6a\" data-element_type=\"section\">\n\t\t\t\t\t\t<div class=\"elementor-container elementor-column-gap-default\">\n\t\t\t\t\t<div class=\"elementor-column elementor-col-100 elementor-top-column elementor-element elementor-element-74e0184\" data-id=\"74e0184\" data-element_type=\"column\">\n\t\t\t<div class=\"elementor-widget-wrap\">\n\t\t\t\t\t\t\t<\/div>\n\t\t<\/div>\n\t\t\t\t\t<\/div>\n\t\t<\/section>\n\t\t\t\t<\/div>\n\t\t","protected":false},"excerpt":{"rendered":"<p>La lectio si svolger\u00e0 con Maurizio che far\u00e0 un racconto<br \/>\ndella sua carriera da fotografo, illustrando i suoi pi\u00f9<br \/>\ncelebri lavori, dai primi sino a quelli pi\u00f9 recenti,<br \/>\nraccontando parte della sua ricerca e delle sue<br \/>\ntecniche.<\/p>\n","protected":false},"author":1,"featured_media":2602,"comment_status":"closed","ping_status":"open","sticky":false,"template":"elementor_header_footer","format":"standard","meta":{"footnotes":""},"categories":[165,160,148,198],"tags":[37,190,36,48],"class_list":["post-2601","post","type-post","status-publish","format-standard","has-post-thumbnail","hentry","category-165","category-auditorium-comunale-giusi-spezzaferri","category-conferenze","category-eventi-2025","tag-fotolibera","tag-maurizio-galimberti","tag-merate","tag-mif"],"yoast_head":"<!-- This site is optimized with the Yoast SEO plugin v25.8 - https:\/\/yoast.com\/wordpress\/plugins\/seo\/ -->\n<title>Maurizio Galimberti Lectio Magistralis - MIF<\/title>\n<meta name=\"description\" content=\"Maurizio Galimberti Lectio Magistralis, Auditorium Giusi Spezzaferri M.I.F ed. 2025 dal 04 al 26 Ottobre 2025\" \/>\n<meta name=\"robots\" content=\"index, follow, max-snippet:-1, max-image-preview:large, max-video-preview:-1\" \/>\n<link rel=\"canonical\" href=\"https:\/\/www.fotolibera.com\/mif\/2025\/07\/12\/maurizio-galimberti-lectio-magistralis\/\" \/>\n<meta property=\"og:locale\" content=\"it_IT\" \/>\n<meta property=\"og:type\" content=\"article\" \/>\n<meta property=\"og:title\" content=\"Maurizio Galimberti Lectio Magistralis - MIF\" \/>\n<meta property=\"og:description\" content=\"Maurizio Galimberti Lectio Magistralis, Auditorium Giusi Spezzaferri M.I.F ed. 2025 dal 04 al 26 Ottobre 2025\" \/>\n<meta property=\"og:url\" content=\"https:\/\/www.fotolibera.com\/mif\/2025\/07\/12\/maurizio-galimberti-lectio-magistralis\/\" \/>\n<meta property=\"og:site_name\" content=\"MIF\" \/>\n<meta property=\"article:publisher\" content=\"https:\/\/www.facebook.com\/MIFMerate\/\" \/>\n<meta property=\"article:published_time\" content=\"2025-07-12T18:32:06+00:00\" \/>\n<meta property=\"article:modified_time\" content=\"2025-09-01T19:23:13+00:00\" \/>\n<meta property=\"og:image\" content=\"https:\/\/www.fotolibera.com\/mif\/wp-content\/uploads\/2025\/07\/MAURIZIO-GALIMBERTI55555-RITRATTI59296_resize.jpg\" \/>\n\t<meta property=\"og:image:width\" content=\"683\" \/>\n\t<meta property=\"og:image:height\" content=\"1024\" \/>\n\t<meta property=\"og:image:type\" content=\"image\/jpeg\" \/>\n<meta name=\"author\" content=\"admin\" \/>\n<meta name=\"twitter:card\" content=\"summary_large_image\" \/>\n<meta name=\"twitter:label1\" content=\"Scritto da\" \/>\n\t<meta name=\"twitter:data1\" content=\"admin\" \/>\n\t<meta name=\"twitter:label2\" content=\"Tempo di lettura stimato\" \/>\n\t<meta name=\"twitter:data2\" content=\"10 minuti\" \/>\n<script type=\"application\/ld+json\" class=\"yoast-schema-graph\">{\"@context\":\"https:\/\/schema.org\",\"@graph\":[{\"@type\":\"Article\",\"@id\":\"https:\/\/www.fotolibera.com\/mif\/2025\/07\/12\/maurizio-galimberti-lectio-magistralis\/#article\",\"isPartOf\":{\"@id\":\"https:\/\/www.fotolibera.com\/mif\/2025\/07\/12\/maurizio-galimberti-lectio-magistralis\/\"},\"author\":{\"name\":\"admin\",\"@id\":\"https:\/\/www.fotolibera.com\/mif\/#\/schema\/person\/d00d2f3c8a13815e2d02b77013937361\"},\"headline\":\"Maurizio Galimberti Lectio Magistralis\",\"datePublished\":\"2025-07-12T18:32:06+00:00\",\"dateModified\":\"2025-09-01T19:23:13+00:00\",\"mainEntityOfPage\":{\"@id\":\"https:\/\/www.fotolibera.com\/mif\/2025\/07\/12\/maurizio-galimberti-lectio-magistralis\/\"},\"wordCount\":1727,\"publisher\":{\"@id\":\"https:\/\/www.fotolibera.com\/mif\/#organization\"},\"image\":{\"@id\":\"https:\/\/www.fotolibera.com\/mif\/2025\/07\/12\/maurizio-galimberti-lectio-magistralis\/#primaryimage\"},\"thumbnailUrl\":\"https:\/\/www.fotolibera.com\/mif\/wp-content\/uploads\/2025\/07\/MAURIZIO-GALIMBERTI55555-RITRATTI59296_resize.jpg\",\"keywords\":[\"FotoLibera\",\"Maurizio Galimberti\",\"Merate\",\"MIF\"],\"articleSection\":[\"2025\",\"Auditorium Comunale Giusi Spezzaferri\",\"Conferenze\",\"Eventi 2025\"],\"inLanguage\":\"it-IT\"},{\"@type\":\"WebPage\",\"@id\":\"https:\/\/www.fotolibera.com\/mif\/2025\/07\/12\/maurizio-galimberti-lectio-magistralis\/\",\"url\":\"https:\/\/www.fotolibera.com\/mif\/2025\/07\/12\/maurizio-galimberti-lectio-magistralis\/\",\"name\":\"Maurizio Galimberti Lectio Magistralis - MIF\",\"isPartOf\":{\"@id\":\"https:\/\/www.fotolibera.com\/mif\/#website\"},\"primaryImageOfPage\":{\"@id\":\"https:\/\/www.fotolibera.com\/mif\/2025\/07\/12\/maurizio-galimberti-lectio-magistralis\/#primaryimage\"},\"image\":{\"@id\":\"https:\/\/www.fotolibera.com\/mif\/2025\/07\/12\/maurizio-galimberti-lectio-magistralis\/#primaryimage\"},\"thumbnailUrl\":\"https:\/\/www.fotolibera.com\/mif\/wp-content\/uploads\/2025\/07\/MAURIZIO-GALIMBERTI55555-RITRATTI59296_resize.jpg\",\"datePublished\":\"2025-07-12T18:32:06+00:00\",\"dateModified\":\"2025-09-01T19:23:13+00:00\",\"description\":\"Maurizio Galimberti Lectio Magistralis, Auditorium Giusi Spezzaferri M.I.F ed. 2025 dal 04 al 26 Ottobre 2025\",\"breadcrumb\":{\"@id\":\"https:\/\/www.fotolibera.com\/mif\/2025\/07\/12\/maurizio-galimberti-lectio-magistralis\/#breadcrumb\"},\"inLanguage\":\"it-IT\",\"potentialAction\":[{\"@type\":\"ReadAction\",\"target\":[\"https:\/\/www.fotolibera.com\/mif\/2025\/07\/12\/maurizio-galimberti-lectio-magistralis\/\"]}]},{\"@type\":\"ImageObject\",\"inLanguage\":\"it-IT\",\"@id\":\"https:\/\/www.fotolibera.com\/mif\/2025\/07\/12\/maurizio-galimberti-lectio-magistralis\/#primaryimage\",\"url\":\"https:\/\/www.fotolibera.com\/mif\/wp-content\/uploads\/2025\/07\/MAURIZIO-GALIMBERTI55555-RITRATTI59296_resize.jpg\",\"contentUrl\":\"https:\/\/www.fotolibera.com\/mif\/wp-content\/uploads\/2025\/07\/MAURIZIO-GALIMBERTI55555-RITRATTI59296_resize.jpg\",\"width\":683,\"height\":1024},{\"@type\":\"BreadcrumbList\",\"@id\":\"https:\/\/www.fotolibera.com\/mif\/2025\/07\/12\/maurizio-galimberti-lectio-magistralis\/#breadcrumb\",\"itemListElement\":[{\"@type\":\"ListItem\",\"position\":1,\"name\":\"Home\",\"item\":\"https:\/\/www.fotolibera.com\/mif\/\"},{\"@type\":\"ListItem\",\"position\":2,\"name\":\"Maurizio Galimberti Lectio Magistralis\"}]},{\"@type\":\"WebSite\",\"@id\":\"https:\/\/www.fotolibera.com\/mif\/#website\",\"url\":\"https:\/\/www.fotolibera.com\/mif\/\",\"name\":\"MIF\",\"description\":\"Merate Incontra la Fotografia\",\"publisher\":{\"@id\":\"https:\/\/www.fotolibera.com\/mif\/#organization\"},\"potentialAction\":[{\"@type\":\"SearchAction\",\"target\":{\"@type\":\"EntryPoint\",\"urlTemplate\":\"https:\/\/www.fotolibera.com\/mif\/?s={search_term_string}\"},\"query-input\":{\"@type\":\"PropertyValueSpecification\",\"valueRequired\":true,\"valueName\":\"search_term_string\"}}],\"inLanguage\":\"it-IT\"},{\"@type\":\"Organization\",\"@id\":\"https:\/\/www.fotolibera.com\/mif\/#organization\",\"name\":\"Fotolibera A.P.S\",\"url\":\"https:\/\/www.fotolibera.com\/mif\/\",\"logo\":{\"@type\":\"ImageObject\",\"inLanguage\":\"it-IT\",\"@id\":\"https:\/\/www.fotolibera.com\/mif\/#\/schema\/logo\/image\/\",\"url\":\"https:\/\/www.fotolibera.com\/mif\/wp-content\/uploads\/2023\/07\/logo1.png\",\"contentUrl\":\"https:\/\/www.fotolibera.com\/mif\/wp-content\/uploads\/2023\/07\/logo1.png\",\"width\":350,\"height\":100,\"caption\":\"Fotolibera A.P.S\"},\"image\":{\"@id\":\"https:\/\/www.fotolibera.com\/mif\/#\/schema\/logo\/image\/\"},\"sameAs\":[\"https:\/\/www.facebook.com\/MIFMerate\/\"]},{\"@type\":\"Person\",\"@id\":\"https:\/\/www.fotolibera.com\/mif\/#\/schema\/person\/d00d2f3c8a13815e2d02b77013937361\",\"name\":\"admin\",\"image\":{\"@type\":\"ImageObject\",\"inLanguage\":\"it-IT\",\"@id\":\"https:\/\/www.fotolibera.com\/mif\/#\/schema\/person\/image\/\",\"url\":\"https:\/\/secure.gravatar.com\/avatar\/1524089d962440dcad8cd09f21144d800d26a65925895c35d66f51aaa0696ba2?s=96&d=mm&r=g\",\"contentUrl\":\"https:\/\/secure.gravatar.com\/avatar\/1524089d962440dcad8cd09f21144d800d26a65925895c35d66f51aaa0696ba2?s=96&d=mm&r=g\",\"caption\":\"admin\"},\"sameAs\":[\"https:\/\/www.fotolibera.com\/mif\"],\"url\":\"https:\/\/www.fotolibera.com\/mif\/author\/admin\/\"}]}<\/script>\n<!-- \/ Yoast SEO plugin. -->","yoast_head_json":{"title":"Maurizio Galimberti Lectio Magistralis - MIF","description":"Maurizio Galimberti Lectio Magistralis, Auditorium Giusi Spezzaferri M.I.F ed. 2025 dal 04 al 26 Ottobre 2025","robots":{"index":"index","follow":"follow","max-snippet":"max-snippet:-1","max-image-preview":"max-image-preview:large","max-video-preview":"max-video-preview:-1"},"canonical":"https:\/\/www.fotolibera.com\/mif\/2025\/07\/12\/maurizio-galimberti-lectio-magistralis\/","og_locale":"it_IT","og_type":"article","og_title":"Maurizio Galimberti Lectio Magistralis - MIF","og_description":"Maurizio Galimberti Lectio Magistralis, Auditorium Giusi Spezzaferri M.I.F ed. 2025 dal 04 al 26 Ottobre 2025","og_url":"https:\/\/www.fotolibera.com\/mif\/2025\/07\/12\/maurizio-galimberti-lectio-magistralis\/","og_site_name":"MIF","article_publisher":"https:\/\/www.facebook.com\/MIFMerate\/","article_published_time":"2025-07-12T18:32:06+00:00","article_modified_time":"2025-09-01T19:23:13+00:00","og_image":[{"width":683,"height":1024,"url":"https:\/\/www.fotolibera.com\/mif\/wp-content\/uploads\/2025\/07\/MAURIZIO-GALIMBERTI55555-RITRATTI59296_resize.jpg","type":"image\/jpeg"}],"author":"admin","twitter_card":"summary_large_image","twitter_misc":{"Scritto da":"admin","Tempo di lettura stimato":"10 minuti"},"schema":{"@context":"https:\/\/schema.org","@graph":[{"@type":"Article","@id":"https:\/\/www.fotolibera.com\/mif\/2025\/07\/12\/maurizio-galimberti-lectio-magistralis\/#article","isPartOf":{"@id":"https:\/\/www.fotolibera.com\/mif\/2025\/07\/12\/maurizio-galimberti-lectio-magistralis\/"},"author":{"name":"admin","@id":"https:\/\/www.fotolibera.com\/mif\/#\/schema\/person\/d00d2f3c8a13815e2d02b77013937361"},"headline":"Maurizio Galimberti Lectio Magistralis","datePublished":"2025-07-12T18:32:06+00:00","dateModified":"2025-09-01T19:23:13+00:00","mainEntityOfPage":{"@id":"https:\/\/www.fotolibera.com\/mif\/2025\/07\/12\/maurizio-galimberti-lectio-magistralis\/"},"wordCount":1727,"publisher":{"@id":"https:\/\/www.fotolibera.com\/mif\/#organization"},"image":{"@id":"https:\/\/www.fotolibera.com\/mif\/2025\/07\/12\/maurizio-galimberti-lectio-magistralis\/#primaryimage"},"thumbnailUrl":"https:\/\/www.fotolibera.com\/mif\/wp-content\/uploads\/2025\/07\/MAURIZIO-GALIMBERTI55555-RITRATTI59296_resize.jpg","keywords":["FotoLibera","Maurizio Galimberti","Merate","MIF"],"articleSection":["2025","Auditorium Comunale Giusi Spezzaferri","Conferenze","Eventi 2025"],"inLanguage":"it-IT"},{"@type":"WebPage","@id":"https:\/\/www.fotolibera.com\/mif\/2025\/07\/12\/maurizio-galimberti-lectio-magistralis\/","url":"https:\/\/www.fotolibera.com\/mif\/2025\/07\/12\/maurizio-galimberti-lectio-magistralis\/","name":"Maurizio Galimberti Lectio Magistralis - MIF","isPartOf":{"@id":"https:\/\/www.fotolibera.com\/mif\/#website"},"primaryImageOfPage":{"@id":"https:\/\/www.fotolibera.com\/mif\/2025\/07\/12\/maurizio-galimberti-lectio-magistralis\/#primaryimage"},"image":{"@id":"https:\/\/www.fotolibera.com\/mif\/2025\/07\/12\/maurizio-galimberti-lectio-magistralis\/#primaryimage"},"thumbnailUrl":"https:\/\/www.fotolibera.com\/mif\/wp-content\/uploads\/2025\/07\/MAURIZIO-GALIMBERTI55555-RITRATTI59296_resize.jpg","datePublished":"2025-07-12T18:32:06+00:00","dateModified":"2025-09-01T19:23:13+00:00","description":"Maurizio Galimberti Lectio Magistralis, Auditorium Giusi Spezzaferri M.I.F ed. 2025 dal 04 al 26 Ottobre 2025","breadcrumb":{"@id":"https:\/\/www.fotolibera.com\/mif\/2025\/07\/12\/maurizio-galimberti-lectio-magistralis\/#breadcrumb"},"inLanguage":"it-IT","potentialAction":[{"@type":"ReadAction","target":["https:\/\/www.fotolibera.com\/mif\/2025\/07\/12\/maurizio-galimberti-lectio-magistralis\/"]}]},{"@type":"ImageObject","inLanguage":"it-IT","@id":"https:\/\/www.fotolibera.com\/mif\/2025\/07\/12\/maurizio-galimberti-lectio-magistralis\/#primaryimage","url":"https:\/\/www.fotolibera.com\/mif\/wp-content\/uploads\/2025\/07\/MAURIZIO-GALIMBERTI55555-RITRATTI59296_resize.jpg","contentUrl":"https:\/\/www.fotolibera.com\/mif\/wp-content\/uploads\/2025\/07\/MAURIZIO-GALIMBERTI55555-RITRATTI59296_resize.jpg","width":683,"height":1024},{"@type":"BreadcrumbList","@id":"https:\/\/www.fotolibera.com\/mif\/2025\/07\/12\/maurizio-galimberti-lectio-magistralis\/#breadcrumb","itemListElement":[{"@type":"ListItem","position":1,"name":"Home","item":"https:\/\/www.fotolibera.com\/mif\/"},{"@type":"ListItem","position":2,"name":"Maurizio Galimberti Lectio Magistralis"}]},{"@type":"WebSite","@id":"https:\/\/www.fotolibera.com\/mif\/#website","url":"https:\/\/www.fotolibera.com\/mif\/","name":"MIF","description":"Merate Incontra la Fotografia","publisher":{"@id":"https:\/\/www.fotolibera.com\/mif\/#organization"},"potentialAction":[{"@type":"SearchAction","target":{"@type":"EntryPoint","urlTemplate":"https:\/\/www.fotolibera.com\/mif\/?s={search_term_string}"},"query-input":{"@type":"PropertyValueSpecification","valueRequired":true,"valueName":"search_term_string"}}],"inLanguage":"it-IT"},{"@type":"Organization","@id":"https:\/\/www.fotolibera.com\/mif\/#organization","name":"Fotolibera A.P.S","url":"https:\/\/www.fotolibera.com\/mif\/","logo":{"@type":"ImageObject","inLanguage":"it-IT","@id":"https:\/\/www.fotolibera.com\/mif\/#\/schema\/logo\/image\/","url":"https:\/\/www.fotolibera.com\/mif\/wp-content\/uploads\/2023\/07\/logo1.png","contentUrl":"https:\/\/www.fotolibera.com\/mif\/wp-content\/uploads\/2023\/07\/logo1.png","width":350,"height":100,"caption":"Fotolibera A.P.S"},"image":{"@id":"https:\/\/www.fotolibera.com\/mif\/#\/schema\/logo\/image\/"},"sameAs":["https:\/\/www.facebook.com\/MIFMerate\/"]},{"@type":"Person","@id":"https:\/\/www.fotolibera.com\/mif\/#\/schema\/person\/d00d2f3c8a13815e2d02b77013937361","name":"admin","image":{"@type":"ImageObject","inLanguage":"it-IT","@id":"https:\/\/www.fotolibera.com\/mif\/#\/schema\/person\/image\/","url":"https:\/\/secure.gravatar.com\/avatar\/1524089d962440dcad8cd09f21144d800d26a65925895c35d66f51aaa0696ba2?s=96&d=mm&r=g","contentUrl":"https:\/\/secure.gravatar.com\/avatar\/1524089d962440dcad8cd09f21144d800d26a65925895c35d66f51aaa0696ba2?s=96&d=mm&r=g","caption":"admin"},"sameAs":["https:\/\/www.fotolibera.com\/mif"],"url":"https:\/\/www.fotolibera.com\/mif\/author\/admin\/"}]}},"_links":{"self":[{"href":"https:\/\/www.fotolibera.com\/mif\/wp-json\/wp\/v2\/posts\/2601","targetHints":{"allow":["GET"]}}],"collection":[{"href":"https:\/\/www.fotolibera.com\/mif\/wp-json\/wp\/v2\/posts"}],"about":[{"href":"https:\/\/www.fotolibera.com\/mif\/wp-json\/wp\/v2\/types\/post"}],"author":[{"embeddable":true,"href":"https:\/\/www.fotolibera.com\/mif\/wp-json\/wp\/v2\/users\/1"}],"replies":[{"embeddable":true,"href":"https:\/\/www.fotolibera.com\/mif\/wp-json\/wp\/v2\/comments?post=2601"}],"version-history":[{"count":14,"href":"https:\/\/www.fotolibera.com\/mif\/wp-json\/wp\/v2\/posts\/2601\/revisions"}],"predecessor-version":[{"id":3042,"href":"https:\/\/www.fotolibera.com\/mif\/wp-json\/wp\/v2\/posts\/2601\/revisions\/3042"}],"wp:featuredmedia":[{"embeddable":true,"href":"https:\/\/www.fotolibera.com\/mif\/wp-json\/wp\/v2\/media\/2602"}],"wp:attachment":[{"href":"https:\/\/www.fotolibera.com\/mif\/wp-json\/wp\/v2\/media?parent=2601"}],"wp:term":[{"taxonomy":"category","embeddable":true,"href":"https:\/\/www.fotolibera.com\/mif\/wp-json\/wp\/v2\/categories?post=2601"},{"taxonomy":"post_tag","embeddable":true,"href":"https:\/\/www.fotolibera.com\/mif\/wp-json\/wp\/v2\/tags?post=2601"}],"curies":[{"name":"wp","href":"https:\/\/api.w.org\/{rel}","templated":true}]}}